{"id":5377,"date":"2024-11-16T10:33:25","date_gmt":"2024-11-16T09:33:25","guid":{"rendered":"https:\/\/ellados-shop.com\/nachrichten\/veranstaltung-in-clermont-ferrand\/"},"modified":"2024-11-16T11:01:30","modified_gmt":"2024-11-16T10:01:30","slug":"veranstaltung-in-clermont-ferrand","status":"publish","type":"post","link":"https:\/\/ellados-shop.com\/de\/nachrichten\/veranstaltung-in-clermont-ferrand\/","title":{"rendered":"VERANSTALTUNG in Clermont Ferrand"},"content":{"rendered":"\n<div class=\"wp-block-cover\"><span aria-hidden=\"true\" class=\"wp-block-cover__background has-background-dim\"><\/span><img decoding=\"async\" class=\"wp-block-cover__image-background wp-image-5362\" alt=\"\" src=\"https:\/\/ellados-shop.com\/wp-content\/uploads\/BOUTIQUE-ELLADOS-3.png\" data-object-fit=\"cover\" \/><div class=\"wp-block-cover__inner-container is-layout-flow wp-block-cover-is-layout-flow\">\n<p class=\"has-text-align-center has-large-font-size\">Verg\u00e4nglicher Laden <\/p>\n\n\n\n<p class=\"has-text-align-center has-large-font-size\">29. und 30. NOVEMBER 2024<\/p>\n<\/div><\/div>\n\n<hr class=\"wp-block-separator has-alpha-channel-opacity\" \/>\n\n<p><strong>Verg\u00e4nglicher Laden<\/strong> : Wir freuen uns, Sie begr\u00fc\u00dfen zu d\u00fcrfen<strong> <\/strong>Am <strong>29. und 30. November<\/strong> in Royat: Treffen Sie uns in einem Raum, der ganz den Feinkostprodukten und Weinen aus Griechenland gewidmet ist. <\/p>\n\n<p>Zus\u00e4tzlich zum Pop-up-Store bietet Ihnen ein <strong>exklusiver Verkostungsabend<\/strong> die M\u00f6glichkeit, seltene und authentische Produkte vorab zu entdecken.<\/p>\n\n<h3 class=\"wp-block-heading\">Verg\u00e4nglicher Laden : Eintauchen in das Herz der griechischen Aromen <\/h3>\n\n<p>W\u00e4hrend zweier Tage verwandelt unser Pop-up-Store Royat in einen echten griechischen Markt. Wir haben die <strong>besten Produkte<\/strong> f\u00fcr Sie ausgew\u00e4hlt, um Ihnen eine authentische und erlesene Auswahl zu bieten. Bio-Natives<strong> Oliven\u00f6l<\/strong> Extra, <strong>handgefertigter Honig<\/strong>, typische Aufstriche und eine <strong>Auswahl an Weinen<\/strong> \u2013 all das wird Sie direkt ins Herz Griechenlands versetzen.  <\/p>\n\n<h3 class=\"wp-block-heading\">Private Verkostung: Entdecken und teilen Sie neue Geschm\u00e4cker<\/h3>\n\n<p>Um dieses einzigartige Ereignis zu feiern, laden wir Sie zudem am Freitagabend, den 29. November, zu einem <strong>exklusiven Verkostungsabend<\/strong> ein. In einer <strong>gem\u00fctlichen und herzlichen Atmosph\u00e4re <\/strong>haben Sie die Gelegenheit, eine Auswahl au\u00dfergew\u00f6hnlicher Produkte zu entdecken und zu verkosten. Sie werden Caroline, die Gr\u00fcnderin der Boutique Ellados, treffen, die Ihnen die Geheimnisse und die Geschichten hinter diesen Produkten n\u00e4herbringen wird.  <\/p>\n\n<h3 class=\"wp-block-heading\">Warum sollten Sie an unserer Verg\u00e4nglicher Laden teilnehmen?<\/h3>\n\n<ol class=\"wp-block-list\">\n<li><strong>Entdecken Sie seltene Produkte:<\/strong> Unsere Produkte <strong>sind nicht im Gro\u00dfhandel erh\u00e4ltlich<\/strong> und stammen von <strong>kleinen griechischen Produzenten<\/strong> \u2013 ein Garant f\u00fcr Qualit\u00e4t.<\/li>\n\n\n\n<li><strong>Ein einzigartiges sensorisches Erlebnis<\/strong>: Feinschmecker werden den authentischen Charakter der angebotenen Aromen und Texturen zu sch\u00e4tzen wissen.<br \/> <\/li>\n\n\n\n<li><strong>Ein originelles Geschenk f\u00fcr die Feiertage:<\/strong> Wenn Sie nach <strong>einzigartigen Geschenkideen<\/strong> f\u00fcr Weihnachten suchen, sind diese griechischen Produkte \u2013 wie Feinkostpakete, seltene Weinflaschen oder assortierte S\u00fc\u00dfigkeiten \u2013 perfekt, um Ihre Liebsten zu \u00fcberraschen und zu begeistern.<\/li>\n\n\n\n<li><strong>Treffen Sie unsere leidenschaftlichen Gr\u00fcnder<\/strong>: Wir beraten Sie gerne und teilen mit Ihnen Anekdoten zu jedem Produkt. <\/li>\n<\/ol>\n\n<h3 class=\"wp-block-heading\">Praktische Informationen<\/h3>\n\n<ul class=\"wp-block-list\">\n<li><strong>Daten der Verg\u00e4nglicher Laden<\/strong>: Freitag, 29. November und Samstag, 30. November 2024<\/li>\n\n\n\n<li><strong>\u00d6ffnungszeiten:<\/strong> Von 10 Uhr bis 19 Uhr<\/li>\n\n\n\n<li><strong>Ort<\/strong>: Royat &#8211; 6 Boulevard Vaquez- 63 130-<\/li>\n<\/ul>\n\n<p> Verpassen Sie nicht diese einzigartige Gelegenheit, au\u00dfergew\u00f6hnliche Produkte in einer herzlichen und gem\u00fctlichen Atmosph\u00e4re zu entdecken und zu verkosten.<\/p>\n\n<p><\/p>\n","protected":false},"excerpt":{"rendered":"<p>Verg\u00e4nglicher Laden : Wir freuen uns, Sie begr\u00fc\u00dfen zu d\u00fcrfen Am 29. und 30. November in Royat: Treffen Sie uns in einem Raum, der ganz den Feinkostprodukten und Weinen aus Griechenland gewidmet ist. Zus\u00e4tzlich zum Pop-up-Store bietet Ihnen ein exklusiver Verkostungsabend die M\u00f6glichkeit, seltene und authentische Produkte vorab zu entdecken. Verg\u00e4nglicher Laden : Eintauchen in [&hellip;]<\/p>\n","protected":false},"author":2,"featured_media":5356,"comment_status":"open","ping_status":"open","sticky":true,"template":"","format":"standard","meta":{"footnotes":""},"categories":[168,61],"tags":[],"class_list":["post-5377","post","type-post","status-publish","format-standard","has-post-thumbnail","hentry","category-information-und-gesundheit-de","category-nachrichten"],"yoast_head":"<!-- This site is optimized with the Yoast SEO plugin v26.8 - https:\/\/yoast.com\/product\/yoast-seo-wordpress\/ -->\n<title>VERANSTALTUNG in Clermont Ferrand - Ellados<\/title>\n<meta name=\"description\" content=\"Geschenkideen, private Verkostung \u2013 verpassen Sie nicht dieses au\u00dfergew\u00f6hnliche Ereignis am 29. und 30. November in Royat (63130)!\" \/>\n<meta name=\"robots\" content=\"index, follow, max-snippet:-1, max-image-preview:large, max-video-preview:-1\" \/>\n<link rel=\"canonical\" href=\"https:\/\/ellados-shop.com\/de\/nachrichten\/veranstaltung-in-clermont-ferrand\/\" \/>\n<meta property=\"og:locale\" content=\"de_DE\" \/>\n<meta property=\"og:type\" content=\"article\" \/>\n<meta property=\"og:title\" content=\"VERANSTALTUNG in Clermont Ferrand - Ellados\" \/>\n<meta property=\"og:description\" content=\"Geschenkideen, private Verkostung \u2013 verpassen Sie nicht dieses au\u00dfergew\u00f6hnliche Ereignis am 29. und 30. November in Royat (63130)!\" \/>\n<meta property=\"og:url\" content=\"https:\/\/ellados-shop.com\/de\/nachrichten\/veranstaltung-in-clermont-ferrand\/\" \/>\n<meta property=\"og:site_name\" content=\"Ellados\" \/>\n<meta property=\"article:published_time\" content=\"2024-11-16T09:33:25+00:00\" \/>\n<meta property=\"article:modified_time\" content=\"2024-11-16T10:01:30+00:00\" \/>\n<meta property=\"og:image\" content=\"https:\/\/ellados-shop.com\/wp-content\/uploads\/BOUTIQUE-ELLADOS-2.png\" \/>\n\t<meta property=\"og:image:width\" content=\"390\" \/>\n\t<meta property=\"og:image:height\" content=\"450\" \/>\n\t<meta property=\"og:image:type\" content=\"image\/png\" \/>\n<meta name=\"author\" content=\"Ellados\" \/>\n<meta name=\"twitter:card\" content=\"summary_large_image\" \/>\n<meta name=\"twitter:label1\" content=\"Verfasst von\" \/>\n\t<meta name=\"twitter:data1\" content=\"Ellados\" \/>\n\t<meta name=\"twitter:label2\" content=\"Gesch\u00e4tzte Lesezeit\" \/>\n\t<meta name=\"twitter:data2\" content=\"2\u00a0Minuten\" \/>\n<script type=\"application\/ld+json\" class=\"yoast-schema-graph\">{\"@context\":\"https:\/\/schema.org\",\"@graph\":[{\"@type\":\"Article\",\"@id\":\"https:\/\/ellados-shop.com\/de\/nachrichten\/veranstaltung-in-clermont-ferrand\/#article\",\"isPartOf\":{\"@id\":\"https:\/\/ellados-shop.com\/de\/nachrichten\/veranstaltung-in-clermont-ferrand\/\"},\"author\":{\"name\":\"Ellados\",\"@id\":\"https:\/\/ellados-shop.com\/de\/#\/schema\/person\/809238b29ab8b04557586d3744c96a61\"},\"headline\":\"VERANSTALTUNG in Clermont Ferrand\",\"datePublished\":\"2024-11-16T09:33:25+00:00\",\"dateModified\":\"2024-11-16T10:01:30+00:00\",\"mainEntityOfPage\":{\"@id\":\"https:\/\/ellados-shop.com\/de\/nachrichten\/veranstaltung-in-clermont-ferrand\/\"},\"wordCount\":352,\"commentCount\":0,\"image\":{\"@id\":\"https:\/\/ellados-shop.com\/de\/nachrichten\/veranstaltung-in-clermont-ferrand\/#primaryimage\"},\"thumbnailUrl\":\"https:\/\/ellados-shop.com\/wp-content\/uploads\/BOUTIQUE-ELLADOS-2.png\",\"articleSection\":[\"Information und Gesundheit\",\"Nachrichten\"],\"inLanguage\":\"de\",\"potentialAction\":[{\"@type\":\"CommentAction\",\"name\":\"Comment\",\"target\":[\"https:\/\/ellados-shop.com\/de\/nachrichten\/veranstaltung-in-clermont-ferrand\/#respond\"]}]},{\"@type\":\"WebPage\",\"@id\":\"https:\/\/ellados-shop.com\/de\/nachrichten\/veranstaltung-in-clermont-ferrand\/\",\"url\":\"https:\/\/ellados-shop.com\/de\/nachrichten\/veranstaltung-in-clermont-ferrand\/\",\"name\":\"VERANSTALTUNG in Clermont Ferrand - Ellados\",\"isPartOf\":{\"@id\":\"https:\/\/ellados-shop.com\/de\/#website\"},\"primaryImageOfPage\":{\"@id\":\"https:\/\/ellados-shop.com\/de\/nachrichten\/veranstaltung-in-clermont-ferrand\/#primaryimage\"},\"image\":{\"@id\":\"https:\/\/ellados-shop.com\/de\/nachrichten\/veranstaltung-in-clermont-ferrand\/#primaryimage\"},\"thumbnailUrl\":\"https:\/\/ellados-shop.com\/wp-content\/uploads\/BOUTIQUE-ELLADOS-2.png\",\"datePublished\":\"2024-11-16T09:33:25+00:00\",\"dateModified\":\"2024-11-16T10:01:30+00:00\",\"author\":{\"@id\":\"https:\/\/ellados-shop.com\/de\/#\/schema\/person\/809238b29ab8b04557586d3744c96a61\"},\"description\":\"Geschenkideen, private Verkostung \u2013 verpassen Sie nicht dieses au\u00dfergew\u00f6hnliche Ereignis am 29. und 30. November in Royat (63130)!\",\"breadcrumb\":{\"@id\":\"https:\/\/ellados-shop.com\/de\/nachrichten\/veranstaltung-in-clermont-ferrand\/#breadcrumb\"},\"inLanguage\":\"de\",\"potentialAction\":[{\"@type\":\"ReadAction\",\"target\":[\"https:\/\/ellados-shop.com\/de\/nachrichten\/veranstaltung-in-clermont-ferrand\/\"]}]},{\"@type\":\"ImageObject\",\"inLanguage\":\"de\",\"@id\":\"https:\/\/ellados-shop.com\/de\/nachrichten\/veranstaltung-in-clermont-ferrand\/#primaryimage\",\"url\":\"https:\/\/ellados-shop.com\/wp-content\/uploads\/BOUTIQUE-ELLADOS-2.png\",\"contentUrl\":\"https:\/\/ellados-shop.com\/wp-content\/uploads\/BOUTIQUE-ELLADOS-2.png\",\"width\":390,\"height\":450,\"caption\":\"boutique Ellados shop\"},{\"@type\":\"BreadcrumbList\",\"@id\":\"https:\/\/ellados-shop.com\/de\/nachrichten\/veranstaltung-in-clermont-ferrand\/#breadcrumb\",\"itemListElement\":[{\"@type\":\"ListItem\",\"position\":1,\"name\":\"Accueil\",\"item\":\"https:\/\/ellados-shop.com\/de\/accueil-v2\/\"},{\"@type\":\"ListItem\",\"position\":2,\"name\":\"Nachrichten\",\"item\":\"https:\/\/ellados-shop.com\/de\/nachrichten\/\"},{\"@type\":\"ListItem\",\"position\":3,\"name\":\"VERANSTALTUNG in Clermont Ferrand\"}]},{\"@type\":\"WebSite\",\"@id\":\"https:\/\/ellados-shop.com\/de\/#website\",\"url\":\"https:\/\/ellados-shop.com\/de\/\",\"name\":\"Ellados\",\"description\":\"\",\"potentialAction\":[{\"@type\":\"SearchAction\",\"target\":{\"@type\":\"EntryPoint\",\"urlTemplate\":\"https:\/\/ellados-shop.com\/de\/?s={search_term_string}\"},\"query-input\":{\"@type\":\"PropertyValueSpecification\",\"valueRequired\":true,\"valueName\":\"search_term_string\"}}],\"inLanguage\":\"de\"},{\"@type\":\"Person\",\"@id\":\"https:\/\/ellados-shop.com\/de\/#\/schema\/person\/809238b29ab8b04557586d3744c96a61\",\"name\":\"Ellados\",\"image\":{\"@type\":\"ImageObject\",\"inLanguage\":\"de\",\"@id\":\"https:\/\/ellados-shop.com\/de\/#\/schema\/person\/image\/\",\"url\":\"https:\/\/secure.gravatar.com\/avatar\/c9b62605d2f670fa10a550820861bac4?s=96&d=mm&r=g\",\"contentUrl\":\"https:\/\/secure.gravatar.com\/avatar\/c9b62605d2f670fa10a550820861bac4?s=96&d=mm&r=g\",\"caption\":\"Ellados\"}}]}<\/script>\n<!-- \/ Yoast SEO plugin. -->","yoast_head_json":{"title":"VERANSTALTUNG in Clermont Ferrand - Ellados","description":"Geschenkideen, private Verkostung \u2013 verpassen Sie nicht dieses au\u00dfergew\u00f6hnliche Ereignis am 29. und 30. November in Royat (63130)!","robots":{"index":"index","follow":"follow","max-snippet":"max-snippet:-1","max-image-preview":"max-image-preview:large","max-video-preview":"max-video-preview:-1"},"canonical":"https:\/\/ellados-shop.com\/de\/nachrichten\/veranstaltung-in-clermont-ferrand\/","og_locale":"de_DE","og_type":"article","og_title":"VERANSTALTUNG in Clermont Ferrand - Ellados","og_description":"Geschenkideen, private Verkostung \u2013 verpassen Sie nicht dieses au\u00dfergew\u00f6hnliche Ereignis am 29. und 30. November in Royat (63130)!","og_url":"https:\/\/ellados-shop.com\/de\/nachrichten\/veranstaltung-in-clermont-ferrand\/","og_site_name":"Ellados","article_published_time":"2024-11-16T09:33:25+00:00","article_modified_time":"2024-11-16T10:01:30+00:00","og_image":[{"width":390,"height":450,"url":"https:\/\/ellados-shop.com\/wp-content\/uploads\/BOUTIQUE-ELLADOS-2.png","type":"image\/png"}],"author":"Ellados","twitter_card":"summary_large_image","twitter_misc":{"Verfasst von":"Ellados","Gesch\u00e4tzte Lesezeit":"2\u00a0Minuten"},"schema":{"@context":"https:\/\/schema.org","@graph":[{"@type":"Article","@id":"https:\/\/ellados-shop.com\/de\/nachrichten\/veranstaltung-in-clermont-ferrand\/#article","isPartOf":{"@id":"https:\/\/ellados-shop.com\/de\/nachrichten\/veranstaltung-in-clermont-ferrand\/"},"author":{"name":"Ellados","@id":"https:\/\/ellados-shop.com\/de\/#\/schema\/person\/809238b29ab8b04557586d3744c96a61"},"headline":"VERANSTALTUNG in Clermont Ferrand","datePublished":"2024-11-16T09:33:25+00:00","dateModified":"2024-11-16T10:01:30+00:00","mainEntityOfPage":{"@id":"https:\/\/ellados-shop.com\/de\/nachrichten\/veranstaltung-in-clermont-ferrand\/"},"wordCount":352,"commentCount":0,"image":{"@id":"https:\/\/ellados-shop.com\/de\/nachrichten\/veranstaltung-in-clermont-ferrand\/#primaryimage"},"thumbnailUrl":"https:\/\/ellados-shop.com\/wp-content\/uploads\/BOUTIQUE-ELLADOS-2.png","articleSection":["Information und Gesundheit","Nachrichten"],"inLanguage":"de","potentialAction":[{"@type":"CommentAction","name":"Comment","target":["https:\/\/ellados-shop.com\/de\/nachrichten\/veranstaltung-in-clermont-ferrand\/#respond"]}]},{"@type":"WebPage","@id":"https:\/\/ellados-shop.com\/de\/nachrichten\/veranstaltung-in-clermont-ferrand\/","url":"https:\/\/ellados-shop.com\/de\/nachrichten\/veranstaltung-in-clermont-ferrand\/","name":"VERANSTALTUNG in Clermont Ferrand - Ellados","isPartOf":{"@id":"https:\/\/ellados-shop.com\/de\/#website"},"primaryImageOfPage":{"@id":"https:\/\/ellados-shop.com\/de\/nachrichten\/veranstaltung-in-clermont-ferrand\/#primaryimage"},"image":{"@id":"https:\/\/ellados-shop.com\/de\/nachrichten\/veranstaltung-in-clermont-ferrand\/#primaryimage"},"thumbnailUrl":"https:\/\/ellados-shop.com\/wp-content\/uploads\/BOUTIQUE-ELLADOS-2.png","datePublished":"2024-11-16T09:33:25+00:00","dateModified":"2024-11-16T10:01:30+00:00","author":{"@id":"https:\/\/ellados-shop.com\/de\/#\/schema\/person\/809238b29ab8b04557586d3744c96a61"},"description":"Geschenkideen, private Verkostung \u2013 verpassen Sie nicht dieses au\u00dfergew\u00f6hnliche Ereignis am 29. und 30. November in Royat (63130)!","breadcrumb":{"@id":"https:\/\/ellados-shop.com\/de\/nachrichten\/veranstaltung-in-clermont-ferrand\/#breadcrumb"},"inLanguage":"de","potentialAction":[{"@type":"ReadAction","target":["https:\/\/ellados-shop.com\/de\/nachrichten\/veranstaltung-in-clermont-ferrand\/"]}]},{"@type":"ImageObject","inLanguage":"de","@id":"https:\/\/ellados-shop.com\/de\/nachrichten\/veranstaltung-in-clermont-ferrand\/#primaryimage","url":"https:\/\/ellados-shop.com\/wp-content\/uploads\/BOUTIQUE-ELLADOS-2.png","contentUrl":"https:\/\/ellados-shop.com\/wp-content\/uploads\/BOUTIQUE-ELLADOS-2.png","width":390,"height":450,"caption":"boutique Ellados shop"},{"@type":"BreadcrumbList","@id":"https:\/\/ellados-shop.com\/de\/nachrichten\/veranstaltung-in-clermont-ferrand\/#breadcrumb","itemListElement":[{"@type":"ListItem","position":1,"name":"Accueil","item":"https:\/\/ellados-shop.com\/de\/accueil-v2\/"},{"@type":"ListItem","position":2,"name":"Nachrichten","item":"https:\/\/ellados-shop.com\/de\/nachrichten\/"},{"@type":"ListItem","position":3,"name":"VERANSTALTUNG in Clermont Ferrand"}]},{"@type":"WebSite","@id":"https:\/\/ellados-shop.com\/de\/#website","url":"https:\/\/ellados-shop.com\/de\/","name":"Ellados","description":"","potentialAction":[{"@type":"SearchAction","target":{"@type":"EntryPoint","urlTemplate":"https:\/\/ellados-shop.com\/de\/?s={search_term_string}"},"query-input":{"@type":"PropertyValueSpecification","valueRequired":true,"valueName":"search_term_string"}}],"inLanguage":"de"},{"@type":"Person","@id":"https:\/\/ellados-shop.com\/de\/#\/schema\/person\/809238b29ab8b04557586d3744c96a61","name":"Ellados","image":{"@type":"ImageObject","inLanguage":"de","@id":"https:\/\/ellados-shop.com\/de\/#\/schema\/person\/image\/","url":"https:\/\/secure.gravatar.com\/avatar\/c9b62605d2f670fa10a550820861bac4?s=96&d=mm&r=g","contentUrl":"https:\/\/secure.gravatar.com\/avatar\/c9b62605d2f670fa10a550820861bac4?s=96&d=mm&r=g","caption":"Ellados"}}]}},"_links":{"self":[{"href":"https:\/\/ellados-shop.com\/de\/wp-json\/wp\/v2\/posts\/5377","targetHints":{"allow":["GET"]}}],"collection":[{"href":"https:\/\/ellados-shop.com\/de\/wp-json\/wp\/v2\/posts"}],"about":[{"href":"https:\/\/ellados-shop.com\/de\/wp-json\/wp\/v2\/types\/post"}],"author":[{"embeddable":true,"href":"https:\/\/ellados-shop.com\/de\/wp-json\/wp\/v2\/users\/2"}],"replies":[{"embeddable":true,"href":"https:\/\/ellados-shop.com\/de\/wp-json\/wp\/v2\/comments?post=5377"}],"version-history":[{"count":2,"href":"https:\/\/ellados-shop.com\/de\/wp-json\/wp\/v2\/posts\/5377\/revisions"}],"predecessor-version":[{"id":5381,"href":"https:\/\/ellados-shop.com\/de\/wp-json\/wp\/v2\/posts\/5377\/revisions\/5381"}],"wp:featuredmedia":[{"embeddable":true,"href":"https:\/\/ellados-shop.com\/de\/wp-json\/wp\/v2\/media\/5356"}],"wp:attachment":[{"href":"https:\/\/ellados-shop.com\/de\/wp-json\/wp\/v2\/media?parent=5377"}],"wp:term":[{"taxonomy":"category","embeddable":true,"href":"https:\/\/ellados-shop.com\/de\/wp-json\/wp\/v2\/categories?post=5377"},{"taxonomy":"post_tag","embeddable":true,"href":"https:\/\/ellados-shop.com\/de\/wp-json\/wp\/v2\/tags?post=5377"}],"curies":[{"name":"wp","href":"https:\/\/api.w.org\/{rel}","templated":true}]}}